{"id":26,"date":"2020-01-02T08:00:00","date_gmt":"2020-01-02T11:00:00","guid":{"rendered":"https:\/\/cpps.palmas.br\/?p=26"},"modified":"2020-12-08T21:45:17","modified_gmt":"2020-12-09T00:45:17","slug":"matriculas-abertas","status":"publish","type":"post","link":"https:\/\/cpps.palmas.br\/index.php\/2020\/01\/02\/matriculas-abertas\/","title":{"rendered":"Matr\u00edculas Abertas!"},"content":{"rendered":"\n<p>Matr\u00edculas Abertas!<\/p>\n\n\n\n<p>Data: a partir&nbsp; do dia 02 de janeiro de 2020 at\u00e9 encerramento das vagas ofertadas;<\/p>\n\n\n\n<p>Hor\u00e1rio de&nbsp;atendimento para requerimento de matr\u00edculas: Das 8:00 horas \u00e0s 12:00 horas.<\/p>\n\n\n\n<p>O requerimento de matr\u00edcula dever\u00e1 conter a qualifica\u00e7\u00e3o do aluno especificar a s\u00e9rie escolhida, com os seguintes documentos:<\/p>\n\n\n\n<p><strong>a)&nbsp;&nbsp;&nbsp; <\/strong>Identidade;<\/p>\n\n\n\n<p><strong>b)&nbsp;&nbsp; <\/strong>CPF;<\/p>\n\n\n\n<p><strong>c)&nbsp;&nbsp;&nbsp; <\/strong>Comprovante de Resid\u00eancia;<\/p>\n\n\n\n<p><strong>d)&nbsp;&nbsp; <\/strong>Foto recente 3&#215;4;<\/p>\n\n\n\n<p><strong>e)&nbsp;&nbsp;&nbsp; <\/strong>Cart\u00e3o de Matr\u00edcula;<\/p>\n\n\n\n<p><strong>f)&nbsp;&nbsp;&nbsp;&nbsp; <\/strong>C\u00f3pia da Certid\u00e3o de Nascimento;<\/p>\n\n\n\n<p><strong>g)&nbsp;&nbsp; <\/strong>Cart\u00e3o de Vacina.<\/p>\n\n\n\n<p><strong>h)&nbsp;&nbsp; <\/strong>S\u00f3 ter\u00e1 validade a assinatura do\ncontratante com apresenta\u00e7\u00e3o de c\u00f3pias de: RG, CPF, Comprovante de endere\u00e7o\nresidencial e de trabalho;<\/p>\n\n\n\n<p><strong>i)&nbsp;&nbsp;&nbsp;&nbsp; <\/strong>Hist\u00f3rico Escolar Original (at\u00e9 60\ndias ap\u00f3s a data da matr\u00edcula);<\/p>\n\n\n\n<p><strong>j)&nbsp;&nbsp;&nbsp;&nbsp; <\/strong>Comprovante do pagamento da matr\u00edcula;<\/p>\n\n\n\n<p><strong>k)&nbsp;&nbsp;&nbsp; <\/strong>Declara\u00e7\u00e3o de quita\u00e7\u00e3o da outra Unidade Escolar.<\/p>\n\n\n\n<p>O valor da parcela\nter\u00e1 desconto de 5% (cinco por cento) para os pagamentos efetuados at\u00e9 o dia 13\n(treze) de cada m\u00eas, desconto este, correspondente ao <strong>aluno<\/strong>&nbsp;que\npaga mensalidade integral.&nbsp; &nbsp;<br><\/p>\n\n\n\n<p>In\u00edcio das aulas<\/p>\n\n\n\n<p>Dia 02 de fevereiro de 2020.<\/p>\n\n\n\n<p>Hor\u00e1rio:&nbsp;das 8h \u00e0s 12h, para os alunos do turno matutino e, das 14h \u00e0s 18h do turno vespertino.<\/p>\n\n\n\n<p>Quanto a valores:<\/p>\n\n\n\n<figure class=\"wp-block-table\"><table class=\"\"><tbody><tr><td>   <strong>Turma<\/strong>   <\/td><td>\n  <strong>PARCELA<\/strong>\n  <\/td><td>   <strong>Anuidade<\/strong>   <\/td><\/tr><tr><td>   Alfas, 1\u00b0 ao 5\u00b0 ano   <\/td><td>\n  R$ 615,00\n  <\/td><td>\n  R$ 7.380,00\n  <\/td><\/tr><\/tbody><\/table><\/figure>\n\n\n\n<p><\/p>\n\n\n\n<p><\/p>\n\n\n\n<p><strong>Temos aulas extra curriculares de M\u00fasica e Pintura em tela!<\/strong><\/p>\n\n\n\n<p>Viol\u00e3o, ukulele e flauta doce:     R$ 60,00<\/p>\n\n\n\n<p>Pintura em tela:    R$ 80,00<\/p>\n","protected":false},"excerpt":{"rendered":"<p>Matr\u00edculas Abertas! Data: a partir&nbsp; do dia 02 de janeiro de 2020 at\u00e9 encerramento das vagas ofertadas; Hor\u00e1rio de&nbsp;atendimento para requerimento de matr\u00edculas: Das 8:00 horas \u00e0s 12:00 horas. O requerimento de matr\u00edcula dever\u00e1 conter a qualifica\u00e7\u00e3o do aluno especificar a s\u00e9rie escolhida, com os seguintes documentos: a)&nbsp;&nbsp;&nbsp; Identidade; b)&nbsp;&nbsp; CPF; c)&nbsp;&nbsp;&nbsp; Comprovante de Resid\u00eancia; [&hellip;]<\/p>\n","protected":false},"author":1,"featured_media":34,"comment_status":"closed","ping_status":"open","sticky":false,"template":"","format":"standard","meta":{"footnotes":""},"categories":[1],"tags":[],"class_list":["post-26","post","type-post","status-publish","format-standard","has-post-thumbnail","hentry","category-matriculas"],"_links":{"self":[{"href":"https:\/\/cpps.palmas.br\/index.php\/wp-json\/wp\/v2\/posts\/26","targetHints":{"allow":["GET"]}}],"collection":[{"href":"https:\/\/cpps.palmas.br\/index.php\/wp-json\/wp\/v2\/posts"}],"about":[{"href":"https:\/\/cpps.palmas.br\/index.php\/wp-json\/wp\/v2\/types\/post"}],"author":[{"embeddable":true,"href":"https:\/\/cpps.palmas.br\/index.php\/wp-json\/wp\/v2\/users\/1"}],"replies":[{"embeddable":true,"href":"https:\/\/cpps.palmas.br\/index.php\/wp-json\/wp\/v2\/comments?post=26"}],"version-history":[{"count":4,"href":"https:\/\/cpps.palmas.br\/index.php\/wp-json\/wp\/v2\/posts\/26\/revisions"}],"predecessor-version":[{"id":180,"href":"https:\/\/cpps.palmas.br\/index.php\/wp-json\/wp\/v2\/posts\/26\/revisions\/180"}],"wp:featuredmedia":[{"embeddable":true,"href":"https:\/\/cpps.palmas.br\/index.php\/wp-json\/wp\/v2\/media\/34"}],"wp:attachment":[{"href":"https:\/\/cpps.palmas.br\/index.php\/wp-json\/wp\/v2\/media?parent=26"}],"wp:term":[{"taxonomy":"category","embeddable":true,"href":"https:\/\/cpps.palmas.br\/index.php\/wp-json\/wp\/v2\/categories?post=26"},{"taxonomy":"post_tag","embeddable":true,"href":"https:\/\/cpps.palmas.br\/index.php\/wp-json\/wp\/v2\/tags?post=26"}],"curies":[{"name":"wp","href":"https:\/\/api.w.org\/{rel}","templated":true}]}}